{"id":1457,"date":"2016-09-26T19:50:16","date_gmt":"2016-09-26T17:50:16","guid":{"rendered":"http:\/\/www.annalogue.de\/blog\/?p=1457"},"modified":"2024-06-10T15:32:02","modified_gmt":"2024-06-10T13:32:02","slug":"ausstellung-lichtsspiegel-vernissage-am-07-10-2016","status":"publish","type":"post","link":"https:\/\/www.annalogue.de\/blog\/ausstellung-lichtsspiegel-vernissage-am-07-10-2016\/","title":{"rendered":"Ausstellung &#8222;LICHTSPIEGEL&#8220; &#8211; Vernissage am 07.10.2016"},"content":{"rendered":"<div>\n<p>Liebe Freunde, Partner, Kunstinteressierte,<\/p>\n<p>ganz herzlich m\u00f6chte ich Sie am Freitag, den 07. Oktober 2016 zur Er\u00f6ffnung der<br \/>\nAusstellung &#8222;LICHTSPIEGEL&#8220; in Eppelheim einladen.<\/p>\n<p>Dieses Jahr pr\u00e4sentiere ich mein freies Projekt &#8222;Untiled Film Stills&#8220;: eine Serie von Selbstportraits<br \/>\nund eine Hommage an Cindy Sherman.<\/p>\n<p><strong><b>Vernissage am Freitag, den 07.10.2016 um 19:30<\/b><\/strong><\/p>\n<p>\u00d6ffnungszeiten jeweils von 14 &#8211; 18 Uhr:<br \/>\nSa \/ So:\u00a0 01. &#8211; 02. 10. 2016<br \/>\nMo:\u00a0\u00a0\u00a0\u00a0\u00a0\u00a0\u00a0\u00a0 03. 10. 2016<br \/>\nSa \/ So:\u00a0 08. &#8211; 09. 10. 2016<br \/>\nSa \/ So,\u00a0 15. &#8211; 16. 10. 2016<\/p>\n<p>Marktstrasse 5, 69214 Eppelheim<br \/>\nam Hugo-Giese Platz<\/p>\n<\/div>\n","protected":false},"excerpt":{"rendered":"<p>Liebe Freunde, Partner, Kunstinteressierte, ganz herzlich m\u00f6chte ich Sie am Freitag, den 07. Oktober 2016 zur Er\u00f6ffnung der Ausstellung &#8222;LICHTSPIEGEL&#8220; in Eppelheim einladen. Dieses Jahr pr\u00e4sentiere ich mein freies Projekt &#8222;Untiled Film Stills&#8220;: eine Serie von Selbstportraits und eine Hommage an Cindy Sherman. Vernissage am Freitag, den 07.10.2016 um 19:30 \u00d6ffnungszeiten jeweils von 14 &#8211; [&hellip;]<\/p>\n","protected":false},"author":1,"featured_media":1463,"comment_status":"open","ping_status":"open","sticky":false,"template":"","format":"standard","meta":{"footnotes":""},"categories":[1],"tags":[52,54,35],"class_list":["post-1457","post","type-post","status-publish","format-standard","has-post-thumbnail","hentry","category-allgemein","tag-ausstellungen","tag-freie-projekte","tag-portrait"],"yoast_head":"<!-- This site is optimized with the Yoast SEO plugin v27.5 - https:\/\/yoast.com\/product\/yoast-seo-wordpress\/ -->\n<title>Ausstellung &quot;LICHTSPIEGEL&quot; - Vernissage am 07.10.2016 - annalogue blog<\/title>\n<meta name=\"robots\" content=\"index, follow, max-snippet:-1, max-image-preview:large, max-video-preview:-1\" \/>\n<link rel=\"canonical\" href=\"https:\/\/www.annalogue.de\/blog\/ausstellung-lichtsspiegel-vernissage-am-07-10-2016\/\" \/>\n<meta property=\"og:locale\" content=\"de_DE\" \/>\n<meta property=\"og:type\" content=\"article\" \/>\n<meta property=\"og:title\" content=\"Ausstellung &quot;LICHTSPIEGEL&quot; - Vernissage am 07.10.2016 - annalogue blog\" \/>\n<meta property=\"og:description\" content=\"Liebe Freunde, Partner, Kunstinteressierte, ganz herzlich m\u00f6chte ich Sie am Freitag, den 07. Oktober 2016 zur Er\u00f6ffnung der Ausstellung &#8222;LICHTSPIEGEL&#8220; in Eppelheim einladen. Dieses Jahr pr\u00e4sentiere ich mein freies Projekt &#8222;Untiled Film Stills&#8220;: eine Serie von Selbstportraits und eine Hommage an Cindy Sherman. Vernissage am Freitag, den 07.10.2016 um 19:30 \u00d6ffnungszeiten jeweils von 14 &#8211; [&hellip;]\" \/>\n<meta property=\"og:url\" content=\"https:\/\/www.annalogue.de\/blog\/ausstellung-lichtsspiegel-vernissage-am-07-10-2016\/\" \/>\n<meta property=\"og:site_name\" content=\"annalogue blog\" \/>\n<meta property=\"article:publisher\" content=\"https:\/\/www.facebook.com\/AnnaLogueFotografie\" \/>\n<meta property=\"article:author\" content=\"https:\/\/www.facebook.com\/AnnaLogueFotografie\" \/>\n<meta property=\"article:published_time\" content=\"2016-09-26T17:50:16+00:00\" \/>\n<meta property=\"article:modified_time\" content=\"2024-06-10T13:32:02+00:00\" \/>\n<meta property=\"og:image\" content=\"https:\/\/www.annalogue.de\/blog\/wp-content\/uploads\/2016\/09\/2016_Postkarte_front.jpg\" \/>\n\t<meta property=\"og:image:width\" content=\"650\" \/>\n\t<meta property=\"og:image:height\" content=\"650\" \/>\n\t<meta property=\"og:image:type\" content=\"image\/jpeg\" \/>\n<meta name=\"author\" content=\"annalogue\" \/>\n<meta name=\"twitter:card\" content=\"summary_large_image\" \/>\n<meta name=\"twitter:label1\" content=\"Verfasst von\" \/>\n\t<meta name=\"twitter:data1\" content=\"annalogue\" \/>\n\t<meta name=\"twitter:label2\" content=\"Gesch\u00e4tzte Lesezeit\" \/>\n\t<meta name=\"twitter:data2\" content=\"1\u00a0Minute\" \/>\n<script type=\"application\/ld+json\" class=\"yoast-schema-graph\">{\"@context\":\"https:\\\/\\\/schema.org\",\"@graph\":[{\"@type\":\"Article\",\"@id\":\"https:\\\/\\\/www.annalogue.de\\\/blog\\\/ausstellung-lichtsspiegel-vernissage-am-07-10-2016\\\/#article\",\"isPartOf\":{\"@id\":\"https:\\\/\\\/www.annalogue.de\\\/blog\\\/ausstellung-lichtsspiegel-vernissage-am-07-10-2016\\\/\"},\"author\":{\"name\":\"annalogue\",\"@id\":\"https:\\\/\\\/www.annalogue.de\\\/blog\\\/#\\\/schema\\\/person\\\/bd01738d0e4cfaae4144c5f460168a62\"},\"headline\":\"Ausstellung &#8222;LICHTSPIEGEL&#8220; &#8211; Vernissage am 07.10.2016\",\"datePublished\":\"2016-09-26T17:50:16+00:00\",\"dateModified\":\"2024-06-10T13:32:02+00:00\",\"mainEntityOfPage\":{\"@id\":\"https:\\\/\\\/www.annalogue.de\\\/blog\\\/ausstellung-lichtsspiegel-vernissage-am-07-10-2016\\\/\"},\"wordCount\":74,\"commentCount\":0,\"publisher\":{\"@id\":\"https:\\\/\\\/www.annalogue.de\\\/blog\\\/#organization\"},\"image\":{\"@id\":\"https:\\\/\\\/www.annalogue.de\\\/blog\\\/ausstellung-lichtsspiegel-vernissage-am-07-10-2016\\\/#primaryimage\"},\"thumbnailUrl\":\"https:\\\/\\\/www.annalogue.de\\\/blog\\\/wp-content\\\/uploads\\\/2016\\\/09\\\/2016_Postkarte_front.jpg\",\"keywords\":[\"Ausstellungen\",\"freie Projekte\",\"Portrait\"],\"inLanguage\":\"de\",\"potentialAction\":[{\"@type\":\"CommentAction\",\"name\":\"Comment\",\"target\":[\"https:\\\/\\\/www.annalogue.de\\\/blog\\\/ausstellung-lichtsspiegel-vernissage-am-07-10-2016\\\/#respond\"]}]},{\"@type\":\"WebPage\",\"@id\":\"https:\\\/\\\/www.annalogue.de\\\/blog\\\/ausstellung-lichtsspiegel-vernissage-am-07-10-2016\\\/\",\"url\":\"https:\\\/\\\/www.annalogue.de\\\/blog\\\/ausstellung-lichtsspiegel-vernissage-am-07-10-2016\\\/\",\"name\":\"Ausstellung \\\"LICHTSPIEGEL\\\" - Vernissage am 07.10.2016 - annalogue blog\",\"isPartOf\":{\"@id\":\"https:\\\/\\\/www.annalogue.de\\\/blog\\\/#website\"},\"primaryImageOfPage\":{\"@id\":\"https:\\\/\\\/www.annalogue.de\\\/blog\\\/ausstellung-lichtsspiegel-vernissage-am-07-10-2016\\\/#primaryimage\"},\"image\":{\"@id\":\"https:\\\/\\\/www.annalogue.de\\\/blog\\\/ausstellung-lichtsspiegel-vernissage-am-07-10-2016\\\/#primaryimage\"},\"thumbnailUrl\":\"https:\\\/\\\/www.annalogue.de\\\/blog\\\/wp-content\\\/uploads\\\/2016\\\/09\\\/2016_Postkarte_front.jpg\",\"datePublished\":\"2016-09-26T17:50:16+00:00\",\"dateModified\":\"2024-06-10T13:32:02+00:00\",\"breadcrumb\":{\"@id\":\"https:\\\/\\\/www.annalogue.de\\\/blog\\\/ausstellung-lichtsspiegel-vernissage-am-07-10-2016\\\/#breadcrumb\"},\"inLanguage\":\"de\",\"potentialAction\":[{\"@type\":\"ReadAction\",\"target\":[\"https:\\\/\\\/www.annalogue.de\\\/blog\\\/ausstellung-lichtsspiegel-vernissage-am-07-10-2016\\\/\"]}]},{\"@type\":\"ImageObject\",\"inLanguage\":\"de\",\"@id\":\"https:\\\/\\\/www.annalogue.de\\\/blog\\\/ausstellung-lichtsspiegel-vernissage-am-07-10-2016\\\/#primaryimage\",\"url\":\"https:\\\/\\\/www.annalogue.de\\\/blog\\\/wp-content\\\/uploads\\\/2016\\\/09\\\/2016_Postkarte_front.jpg\",\"contentUrl\":\"https:\\\/\\\/www.annalogue.de\\\/blog\\\/wp-content\\\/uploads\\\/2016\\\/09\\\/2016_Postkarte_front.jpg\",\"width\":650,\"height\":650},{\"@type\":\"BreadcrumbList\",\"@id\":\"https:\\\/\\\/www.annalogue.de\\\/blog\\\/ausstellung-lichtsspiegel-vernissage-am-07-10-2016\\\/#breadcrumb\",\"itemListElement\":[{\"@type\":\"ListItem\",\"position\":1,\"name\":\"Home\",\"item\":\"https:\\\/\\\/www.annalogue.de\\\/blog\\\/\"},{\"@type\":\"ListItem\",\"position\":2,\"name\":\"Ausstellung &#8222;LICHTSPIEGEL&#8220; &#8211; Vernissage am 07.10.2016\"}]},{\"@type\":\"WebSite\",\"@id\":\"https:\\\/\\\/www.annalogue.de\\\/blog\\\/#website\",\"url\":\"https:\\\/\\\/www.annalogue.de\\\/blog\\\/\",\"name\":\"annalogue blog\",\"description\":\"\",\"publisher\":{\"@id\":\"https:\\\/\\\/www.annalogue.de\\\/blog\\\/#organization\"},\"potentialAction\":[{\"@type\":\"SearchAction\",\"target\":{\"@type\":\"EntryPoint\",\"urlTemplate\":\"https:\\\/\\\/www.annalogue.de\\\/blog\\\/?s={search_term_string}\"},\"query-input\":{\"@type\":\"PropertyValueSpecification\",\"valueRequired\":true,\"valueName\":\"search_term_string\"}}],\"inLanguage\":\"de\"},{\"@type\":\"Organization\",\"@id\":\"https:\\\/\\\/www.annalogue.de\\\/blog\\\/#organization\",\"name\":\"Anna Logue Fotografie\",\"url\":\"https:\\\/\\\/www.annalogue.de\\\/blog\\\/\",\"logo\":{\"@type\":\"ImageObject\",\"inLanguage\":\"de\",\"@id\":\"https:\\\/\\\/www.annalogue.de\\\/blog\\\/#\\\/schema\\\/logo\\\/image\\\/\",\"url\":\"https:\\\/\\\/www.annalogue.de\\\/blog\\\/wp-content\\\/uploads\\\/2015\\\/05\\\/anna_logo.jpg\",\"contentUrl\":\"https:\\\/\\\/www.annalogue.de\\\/blog\\\/wp-content\\\/uploads\\\/2015\\\/05\\\/anna_logo.jpg\",\"width\":283,\"height\":283,\"caption\":\"Anna Logue Fotografie\"},\"image\":{\"@id\":\"https:\\\/\\\/www.annalogue.de\\\/blog\\\/#\\\/schema\\\/logo\\\/image\\\/\"},\"sameAs\":[\"https:\\\/\\\/www.facebook.com\\\/AnnaLogueFotografie\",\"https:\\\/\\\/instagram.com\\\/annalogue_de\\\/\",\"https:\\\/\\\/www.youtube.com\\\/user\\\/AnnaLogueHD\\\/\"]},{\"@type\":\"Person\",\"@id\":\"https:\\\/\\\/www.annalogue.de\\\/blog\\\/#\\\/schema\\\/person\\\/bd01738d0e4cfaae4144c5f460168a62\",\"name\":\"annalogue\",\"image\":{\"@type\":\"ImageObject\",\"inLanguage\":\"de\",\"@id\":\"https:\\\/\\\/secure.gravatar.com\\\/avatar\\\/a9d9e7bd0ef6e2f0a1f9e2ab5c60cb3793108278b3162054f55866e2de3465bb?s=96&d=mm&r=g\",\"url\":\"https:\\\/\\\/secure.gravatar.com\\\/avatar\\\/a9d9e7bd0ef6e2f0a1f9e2ab5c60cb3793108278b3162054f55866e2de3465bb?s=96&d=mm&r=g\",\"contentUrl\":\"https:\\\/\\\/secure.gravatar.com\\\/avatar\\\/a9d9e7bd0ef6e2f0a1f9e2ab5c60cb3793108278b3162054f55866e2de3465bb?s=96&d=mm&r=g\",\"caption\":\"annalogue\"},\"sameAs\":[\"https:\\\/\\\/www.annalogue.de\",\"https:\\\/\\\/www.facebook.com\\\/AnnaLogueFotografie\",\"https:\\\/\\\/www.instagram.com\\\/annalogue_de\"],\"url\":\"https:\\\/\\\/www.annalogue.de\\\/blog\\\/author\\\/annalogue\\\/\"}]}<\/script>\n<!-- \/ Yoast SEO plugin. -->","yoast_head_json":{"title":"Ausstellung \"LICHTSPIEGEL\" - Vernissage am 07.10.2016 - annalogue blog","robots":{"index":"index","follow":"follow","max-snippet":"max-snippet:-1","max-image-preview":"max-image-preview:large","max-video-preview":"max-video-preview:-1"},"canonical":"https:\/\/www.annalogue.de\/blog\/ausstellung-lichtsspiegel-vernissage-am-07-10-2016\/","og_locale":"de_DE","og_type":"article","og_title":"Ausstellung \"LICHTSPIEGEL\" - Vernissage am 07.10.2016 - annalogue blog","og_description":"Liebe Freunde, Partner, Kunstinteressierte, ganz herzlich m\u00f6chte ich Sie am Freitag, den 07. Oktober 2016 zur Er\u00f6ffnung der Ausstellung &#8222;LICHTSPIEGEL&#8220; in Eppelheim einladen. Dieses Jahr pr\u00e4sentiere ich mein freies Projekt &#8222;Untiled Film Stills&#8220;: eine Serie von Selbstportraits und eine Hommage an Cindy Sherman. Vernissage am Freitag, den 07.10.2016 um 19:30 \u00d6ffnungszeiten jeweils von 14 &#8211; [&hellip;]","og_url":"https:\/\/www.annalogue.de\/blog\/ausstellung-lichtsspiegel-vernissage-am-07-10-2016\/","og_site_name":"annalogue blog","article_publisher":"https:\/\/www.facebook.com\/AnnaLogueFotografie","article_author":"https:\/\/www.facebook.com\/AnnaLogueFotografie","article_published_time":"2016-09-26T17:50:16+00:00","article_modified_time":"2024-06-10T13:32:02+00:00","og_image":[{"width":650,"height":650,"url":"https:\/\/www.annalogue.de\/blog\/wp-content\/uploads\/2016\/09\/2016_Postkarte_front.jpg","type":"image\/jpeg"}],"author":"annalogue","twitter_card":"summary_large_image","twitter_misc":{"Verfasst von":"annalogue","Gesch\u00e4tzte Lesezeit":"1\u00a0Minute"},"schema":{"@context":"https:\/\/schema.org","@graph":[{"@type":"Article","@id":"https:\/\/www.annalogue.de\/blog\/ausstellung-lichtsspiegel-vernissage-am-07-10-2016\/#article","isPartOf":{"@id":"https:\/\/www.annalogue.de\/blog\/ausstellung-lichtsspiegel-vernissage-am-07-10-2016\/"},"author":{"name":"annalogue","@id":"https:\/\/www.annalogue.de\/blog\/#\/schema\/person\/bd01738d0e4cfaae4144c5f460168a62"},"headline":"Ausstellung &#8222;LICHTSPIEGEL&#8220; &#8211; Vernissage am 07.10.2016","datePublished":"2016-09-26T17:50:16+00:00","dateModified":"2024-06-10T13:32:02+00:00","mainEntityOfPage":{"@id":"https:\/\/www.annalogue.de\/blog\/ausstellung-lichtsspiegel-vernissage-am-07-10-2016\/"},"wordCount":74,"commentCount":0,"publisher":{"@id":"https:\/\/www.annalogue.de\/blog\/#organization"},"image":{"@id":"https:\/\/www.annalogue.de\/blog\/ausstellung-lichtsspiegel-vernissage-am-07-10-2016\/#primaryimage"},"thumbnailUrl":"https:\/\/www.annalogue.de\/blog\/wp-content\/uploads\/2016\/09\/2016_Postkarte_front.jpg","keywords":["Ausstellungen","freie Projekte","Portrait"],"inLanguage":"de","potentialAction":[{"@type":"CommentAction","name":"Comment","target":["https:\/\/www.annalogue.de\/blog\/ausstellung-lichtsspiegel-vernissage-am-07-10-2016\/#respond"]}]},{"@type":"WebPage","@id":"https:\/\/www.annalogue.de\/blog\/ausstellung-lichtsspiegel-vernissage-am-07-10-2016\/","url":"https:\/\/www.annalogue.de\/blog\/ausstellung-lichtsspiegel-vernissage-am-07-10-2016\/","name":"Ausstellung \"LICHTSPIEGEL\" - Vernissage am 07.10.2016 - annalogue blog","isPartOf":{"@id":"https:\/\/www.annalogue.de\/blog\/#website"},"primaryImageOfPage":{"@id":"https:\/\/www.annalogue.de\/blog\/ausstellung-lichtsspiegel-vernissage-am-07-10-2016\/#primaryimage"},"image":{"@id":"https:\/\/www.annalogue.de\/blog\/ausstellung-lichtsspiegel-vernissage-am-07-10-2016\/#primaryimage"},"thumbnailUrl":"https:\/\/www.annalogue.de\/blog\/wp-content\/uploads\/2016\/09\/2016_Postkarte_front.jpg","datePublished":"2016-09-26T17:50:16+00:00","dateModified":"2024-06-10T13:32:02+00:00","breadcrumb":{"@id":"https:\/\/www.annalogue.de\/blog\/ausstellung-lichtsspiegel-vernissage-am-07-10-2016\/#breadcrumb"},"inLanguage":"de","potentialAction":[{"@type":"ReadAction","target":["https:\/\/www.annalogue.de\/blog\/ausstellung-lichtsspiegel-vernissage-am-07-10-2016\/"]}]},{"@type":"ImageObject","inLanguage":"de","@id":"https:\/\/www.annalogue.de\/blog\/ausstellung-lichtsspiegel-vernissage-am-07-10-2016\/#primaryimage","url":"https:\/\/www.annalogue.de\/blog\/wp-content\/uploads\/2016\/09\/2016_Postkarte_front.jpg","contentUrl":"https:\/\/www.annalogue.de\/blog\/wp-content\/uploads\/2016\/09\/2016_Postkarte_front.jpg","width":650,"height":650},{"@type":"BreadcrumbList","@id":"https:\/\/www.annalogue.de\/blog\/ausstellung-lichtsspiegel-vernissage-am-07-10-2016\/#breadcrumb","itemListElement":[{"@type":"ListItem","position":1,"name":"Home","item":"https:\/\/www.annalogue.de\/blog\/"},{"@type":"ListItem","position":2,"name":"Ausstellung &#8222;LICHTSPIEGEL&#8220; &#8211; Vernissage am 07.10.2016"}]},{"@type":"WebSite","@id":"https:\/\/www.annalogue.de\/blog\/#website","url":"https:\/\/www.annalogue.de\/blog\/","name":"annalogue blog","description":"","publisher":{"@id":"https:\/\/www.annalogue.de\/blog\/#organization"},"potentialAction":[{"@type":"SearchAction","target":{"@type":"EntryPoint","urlTemplate":"https:\/\/www.annalogue.de\/blog\/?s={search_term_string}"},"query-input":{"@type":"PropertyValueSpecification","valueRequired":true,"valueName":"search_term_string"}}],"inLanguage":"de"},{"@type":"Organization","@id":"https:\/\/www.annalogue.de\/blog\/#organization","name":"Anna Logue Fotografie","url":"https:\/\/www.annalogue.de\/blog\/","logo":{"@type":"ImageObject","inLanguage":"de","@id":"https:\/\/www.annalogue.de\/blog\/#\/schema\/logo\/image\/","url":"https:\/\/www.annalogue.de\/blog\/wp-content\/uploads\/2015\/05\/anna_logo.jpg","contentUrl":"https:\/\/www.annalogue.de\/blog\/wp-content\/uploads\/2015\/05\/anna_logo.jpg","width":283,"height":283,"caption":"Anna Logue Fotografie"},"image":{"@id":"https:\/\/www.annalogue.de\/blog\/#\/schema\/logo\/image\/"},"sameAs":["https:\/\/www.facebook.com\/AnnaLogueFotografie","https:\/\/instagram.com\/annalogue_de\/","https:\/\/www.youtube.com\/user\/AnnaLogueHD\/"]},{"@type":"Person","@id":"https:\/\/www.annalogue.de\/blog\/#\/schema\/person\/bd01738d0e4cfaae4144c5f460168a62","name":"annalogue","image":{"@type":"ImageObject","inLanguage":"de","@id":"https:\/\/secure.gravatar.com\/avatar\/a9d9e7bd0ef6e2f0a1f9e2ab5c60cb3793108278b3162054f55866e2de3465bb?s=96&d=mm&r=g","url":"https:\/\/secure.gravatar.com\/avatar\/a9d9e7bd0ef6e2f0a1f9e2ab5c60cb3793108278b3162054f55866e2de3465bb?s=96&d=mm&r=g","contentUrl":"https:\/\/secure.gravatar.com\/avatar\/a9d9e7bd0ef6e2f0a1f9e2ab5c60cb3793108278b3162054f55866e2de3465bb?s=96&d=mm&r=g","caption":"annalogue"},"sameAs":["https:\/\/www.annalogue.de","https:\/\/www.facebook.com\/AnnaLogueFotografie","https:\/\/www.instagram.com\/annalogue_de"],"url":"https:\/\/www.annalogue.de\/blog\/author\/annalogue\/"}]}},"_links":{"self":[{"href":"https:\/\/www.annalogue.de\/blog\/wp-json\/wp\/v2\/posts\/1457","targetHints":{"allow":["GET"]}}],"collection":[{"href":"https:\/\/www.annalogue.de\/blog\/wp-json\/wp\/v2\/posts"}],"about":[{"href":"https:\/\/www.annalogue.de\/blog\/wp-json\/wp\/v2\/types\/post"}],"author":[{"embeddable":true,"href":"https:\/\/www.annalogue.de\/blog\/wp-json\/wp\/v2\/users\/1"}],"replies":[{"embeddable":true,"href":"https:\/\/www.annalogue.de\/blog\/wp-json\/wp\/v2\/comments?post=1457"}],"version-history":[{"count":7,"href":"https:\/\/www.annalogue.de\/blog\/wp-json\/wp\/v2\/posts\/1457\/revisions"}],"predecessor-version":[{"id":3452,"href":"https:\/\/www.annalogue.de\/blog\/wp-json\/wp\/v2\/posts\/1457\/revisions\/3452"}],"wp:featuredmedia":[{"embeddable":true,"href":"https:\/\/www.annalogue.de\/blog\/wp-json\/wp\/v2\/media\/1463"}],"wp:attachment":[{"href":"https:\/\/www.annalogue.de\/blog\/wp-json\/wp\/v2\/media?parent=1457"}],"wp:term":[{"taxonomy":"category","embeddable":true,"href":"https:\/\/www.annalogue.de\/blog\/wp-json\/wp\/v2\/categories?post=1457"},{"taxonomy":"post_tag","embeddable":true,"href":"https:\/\/www.annalogue.de\/blog\/wp-json\/wp\/v2\/tags?post=1457"}],"curies":[{"name":"wp","href":"https:\/\/api.w.org\/{rel}","templated":true}]}}