{"id":2103,"date":"2018-05-16T16:33:04","date_gmt":"2018-05-16T14:33:04","guid":{"rendered":"http:\/\/www.annalogue.de\/blog\/?p=2103"},"modified":"2024-06-10T15:38:12","modified_gmt":"2024-06-10T13:38:12","slug":"wild-fotoausstellung-im-haus-am-dom-frankfurt","status":"publish","type":"post","link":"https:\/\/www.annalogue.de\/blog\/wild-fotoausstellung-im-haus-am-dom-frankfurt\/","title":{"rendered":"WILD Fotoausstellung im Haus am Dom Frankfurt"},"content":{"rendered":"<p><strong>FREELENS Rhein-Main fotografiert<\/strong><\/p>\n<p>WILD \u2013 Fotoausstellung<br \/>\n10.06.\u201310.08.2018<\/p>\n<p><strong>Vernissage: Sa 09.06.2018, 19 Uhr<\/strong><\/p>\n<p>HAUS AM DOM &#8211; Katholische Akademie Rabanus Maurus<br \/>\nDomplatz 3<br \/>\n60311 Frankfurt am Main<br \/>\n<a href=\"http:\/\/www.hausamdom-frankfurt.de\" target=\"_blank\" rel=\"noopener\">www.hausamdom-frankfurt.de<\/a><\/p>\n<p>\u00d6ffnungszeiten:<br \/>\nMo\u2013Fr 9\u201317 Uhr<br \/>\nSa-So 11\u201317 Uhr<br \/>\nEintritt frei<\/p>\n<p>Nach dem gro\u00dfen Erfolg der \u00bbslow\u00ab-Ausstellung im Jahr 2016 gestalten 29 Fotograf*innen des Berufsverbandes <a href=\"https:\/\/freelens.com\/\" target=\"_blank\" rel=\"noopener\">FREELENS<\/a> erneut eine Gemeinschaftsausstellung \u2013 auf \u00bbslow\u00ab folgt \u00bbwild\u00ab.Wilde Tiere, wilde Gedanken, individuelle Betrachtungen zum Begriff \u00bbwild\u00ab \u2013 wie bilden die Fotograf*innen Menschen, Dinge und Zust\u00e4nde ab, die \u00bbwild\u00ab sind? Die Bandbreite der auf allen Etagen im Haus am Dom gezeigten Bilder umfasst Reportagen, Portr\u00e4ts, Stillleben, Reise- und Modefotografie, konzeptionelle Arbeiten, Installationen und k\u00fcnstlerische Fotografien in Schwarzwei\u00df und Farbe. Die fotografischen Ans\u00e4tze bei der Herangehensweise an das Thema \u00bbwild\u00ab sind dabei so vielf\u00e4ltig wie die Zusammensetzung der 29 teilnehmenden Fotograf*innen aus dem Rhein-Main-Gebiet.<\/p>\n<p><a href=\"http:\/\/www.freelens.com\" target=\"_blank\" rel=\"noopener\">FREELENS e.V.<\/a> wurde 1995 von 128 Fotojournalist*innen gegr\u00fcndet, um sich gegen\u00fcber den Verlagen f\u00fcr bessere Arbeitsbedingungen einzusetzen. Heute hat der Berufsverband \u00fcber 2400 Mitglieder und ist damit die gr\u00f6\u00dfte Organisation f\u00fcr Fotograf*innen in Deutschland. <a href=\"https:\/\/freelens.com\/\" target=\"_blank\" rel=\"noopener\">FREELENS<\/a> setzt sich auf politischer, kultureller und menschlicher Ebene f\u00fcr Fotograf*innen ein.<\/p>\n<p>Titelfoto: Ricarda Piotrowski<\/p>\n<p>Markus Aatz<br \/>\nCatherine Avak<br \/>\nDebra Bardowicks<br \/>\nG\u00fcnther Bauer<br \/>\nAndreas Beyer<br \/>\nClaudia Boch<br \/>\nCarsten B\u00fcll<br \/>\nDieter Friese<br \/>\nBernd Hartung<br \/>\nCarina C. Kircher<br \/>\nChris Kister<br \/>\nGeorg Knoll<br \/>\nKlaus Dieter Litzel<br \/>\nAnna Logue<br \/>\nSabine L\u00f6scher<br \/>\nKay Maeritz<br \/>\nNabiha &amp; Thom<br \/>\nNiko Neuwirth<br \/>\nUwe N\u00f6lke<br \/>\nMichael Pasternack<br \/>\nRicarda Piotrowski<br \/>\nBernd Roselieb<br \/>\nPeter Schauwienold<br \/>\nOana Szekely<br \/>\nJutta Ulmer<br \/>\nAndreas Varnhorn<br \/>\nDavid Vogt<br \/>\nAngela Weil<br \/>\nMichael Zegers<\/p>\n","protected":false},"excerpt":{"rendered":"<p>FREELENS Rhein-Main fotografiert WILD \u2013 Fotoausstellung 10.06.\u201310.08.2018 Vernissage: Sa 09.06.2018, 19 Uhr HAUS AM DOM &#8211; Katholische Akademie Rabanus Maurus Domplatz 3 60311 Frankfurt am Main www.hausamdom-frankfurt.de \u00d6ffnungszeiten: Mo\u2013Fr 9\u201317 Uhr Sa-So 11\u201317 Uhr Eintritt frei Nach dem gro\u00dfen Erfolg der \u00bbslow\u00ab-Ausstellung im Jahr 2016 gestalten 29 Fotograf*innen des Berufsverbandes FREELENS erneut eine Gemeinschaftsausstellung \u2013 [&hellip;]<\/p>\n","protected":false},"author":1,"featured_media":2104,"comment_status":"open","ping_status":"open","sticky":false,"template":"","format":"standard","meta":{"footnotes":""},"categories":[1],"tags":[52,54,35],"class_list":["post-2103","post","type-post","status-publish","format-standard","has-post-thumbnail","hentry","category-allgemein","tag-ausstellungen","tag-freie-projekte","tag-portrait"],"yoast_head":"<!-- This site is optimized with the Yoast SEO plugin v27.5 - https:\/\/yoast.com\/product\/yoast-seo-wordpress\/ -->\n<title>WILD Fotoausstellung im Haus am Dom Frankfurt - annalogue blog<\/title>\n<meta name=\"description\" content=\"WILD Fotoausstellung mit dem Berufsverband Freelens im Haus am Dom Frankfurt vom 10.06.\u201310.08.2018 - Vernissage am Samstag, den 09.06.2018\" \/>\n<meta name=\"robots\" content=\"index, follow, max-snippet:-1, max-image-preview:large, max-video-preview:-1\" \/>\n<link rel=\"canonical\" href=\"https:\/\/www.annalogue.de\/blog\/wild-fotoausstellung-im-haus-am-dom-frankfurt\/\" \/>\n<meta property=\"og:locale\" content=\"de_DE\" \/>\n<meta property=\"og:type\" content=\"article\" \/>\n<meta property=\"og:title\" content=\"WILD Fotoausstellung im Haus am Dom Frankfurt - annalogue blog\" \/>\n<meta property=\"og:description\" content=\"WILD Fotoausstellung mit dem Berufsverband Freelens im Haus am Dom Frankfurt vom 10.06.\u201310.08.2018 - Vernissage am Samstag, den 09.06.2018\" \/>\n<meta property=\"og:url\" content=\"https:\/\/www.annalogue.de\/blog\/wild-fotoausstellung-im-haus-am-dom-frankfurt\/\" \/>\n<meta property=\"og:site_name\" content=\"annalogue blog\" \/>\n<meta property=\"article:publisher\" content=\"https:\/\/www.facebook.com\/AnnaLogueFotografie\" \/>\n<meta property=\"article:author\" content=\"https:\/\/www.facebook.com\/AnnaLogueFotografie\" \/>\n<meta property=\"article:published_time\" content=\"2018-05-16T14:33:04+00:00\" \/>\n<meta property=\"article:modified_time\" content=\"2024-06-10T13:38:12+00:00\" \/>\n<meta property=\"og:image\" content=\"https:\/\/www.annalogue.de\/blog\/wp-content\/uploads\/2018\/05\/Katalog_WILD_2018-1.jpg\" \/>\n\t<meta property=\"og:image:width\" content=\"600\" \/>\n\t<meta property=\"og:image:height\" content=\"600\" \/>\n\t<meta property=\"og:image:type\" content=\"image\/jpeg\" \/>\n<meta name=\"author\" content=\"annalogue\" \/>\n<meta name=\"twitter:card\" content=\"summary_large_image\" \/>\n<meta name=\"twitter:label1\" content=\"Verfasst von\" \/>\n\t<meta name=\"twitter:data1\" content=\"annalogue\" \/>\n\t<meta name=\"twitter:label2\" content=\"Gesch\u00e4tzte Lesezeit\" \/>\n\t<meta name=\"twitter:data2\" content=\"2\u00a0Minuten\" \/>\n<script type=\"application\/ld+json\" class=\"yoast-schema-graph\">{\"@context\":\"https:\\\/\\\/schema.org\",\"@graph\":[{\"@type\":\"Article\",\"@id\":\"https:\\\/\\\/www.annalogue.de\\\/blog\\\/wild-fotoausstellung-im-haus-am-dom-frankfurt\\\/#article\",\"isPartOf\":{\"@id\":\"https:\\\/\\\/www.annalogue.de\\\/blog\\\/wild-fotoausstellung-im-haus-am-dom-frankfurt\\\/\"},\"author\":{\"name\":\"annalogue\",\"@id\":\"https:\\\/\\\/www.annalogue.de\\\/blog\\\/#\\\/schema\\\/person\\\/bd01738d0e4cfaae4144c5f460168a62\"},\"headline\":\"WILD Fotoausstellung im Haus am Dom Frankfurt\",\"datePublished\":\"2018-05-16T14:33:04+00:00\",\"dateModified\":\"2024-06-10T13:38:12+00:00\",\"mainEntityOfPage\":{\"@id\":\"https:\\\/\\\/www.annalogue.de\\\/blog\\\/wild-fotoausstellung-im-haus-am-dom-frankfurt\\\/\"},\"wordCount\":262,\"commentCount\":0,\"publisher\":{\"@id\":\"https:\\\/\\\/www.annalogue.de\\\/blog\\\/#organization\"},\"image\":{\"@id\":\"https:\\\/\\\/www.annalogue.de\\\/blog\\\/wild-fotoausstellung-im-haus-am-dom-frankfurt\\\/#primaryimage\"},\"thumbnailUrl\":\"https:\\\/\\\/www.annalogue.de\\\/blog\\\/wp-content\\\/uploads\\\/2018\\\/05\\\/Katalog_WILD_2018-1.jpg\",\"keywords\":[\"Ausstellungen\",\"freie Projekte\",\"Portrait\"],\"inLanguage\":\"de\",\"potentialAction\":[{\"@type\":\"CommentAction\",\"name\":\"Comment\",\"target\":[\"https:\\\/\\\/www.annalogue.de\\\/blog\\\/wild-fotoausstellung-im-haus-am-dom-frankfurt\\\/#respond\"]}]},{\"@type\":\"WebPage\",\"@id\":\"https:\\\/\\\/www.annalogue.de\\\/blog\\\/wild-fotoausstellung-im-haus-am-dom-frankfurt\\\/\",\"url\":\"https:\\\/\\\/www.annalogue.de\\\/blog\\\/wild-fotoausstellung-im-haus-am-dom-frankfurt\\\/\",\"name\":\"WILD Fotoausstellung im Haus am Dom Frankfurt - annalogue blog\",\"isPartOf\":{\"@id\":\"https:\\\/\\\/www.annalogue.de\\\/blog\\\/#website\"},\"primaryImageOfPage\":{\"@id\":\"https:\\\/\\\/www.annalogue.de\\\/blog\\\/wild-fotoausstellung-im-haus-am-dom-frankfurt\\\/#primaryimage\"},\"image\":{\"@id\":\"https:\\\/\\\/www.annalogue.de\\\/blog\\\/wild-fotoausstellung-im-haus-am-dom-frankfurt\\\/#primaryimage\"},\"thumbnailUrl\":\"https:\\\/\\\/www.annalogue.de\\\/blog\\\/wp-content\\\/uploads\\\/2018\\\/05\\\/Katalog_WILD_2018-1.jpg\",\"datePublished\":\"2018-05-16T14:33:04+00:00\",\"dateModified\":\"2024-06-10T13:38:12+00:00\",\"description\":\"WILD Fotoausstellung mit dem Berufsverband Freelens im Haus am Dom Frankfurt vom 10.06.\u201310.08.2018 - Vernissage am Samstag, den 09.06.2018\",\"breadcrumb\":{\"@id\":\"https:\\\/\\\/www.annalogue.de\\\/blog\\\/wild-fotoausstellung-im-haus-am-dom-frankfurt\\\/#breadcrumb\"},\"inLanguage\":\"de\",\"potentialAction\":[{\"@type\":\"ReadAction\",\"target\":[\"https:\\\/\\\/www.annalogue.de\\\/blog\\\/wild-fotoausstellung-im-haus-am-dom-frankfurt\\\/\"]}]},{\"@type\":\"ImageObject\",\"inLanguage\":\"de\",\"@id\":\"https:\\\/\\\/www.annalogue.de\\\/blog\\\/wild-fotoausstellung-im-haus-am-dom-frankfurt\\\/#primaryimage\",\"url\":\"https:\\\/\\\/www.annalogue.de\\\/blog\\\/wp-content\\\/uploads\\\/2018\\\/05\\\/Katalog_WILD_2018-1.jpg\",\"contentUrl\":\"https:\\\/\\\/www.annalogue.de\\\/blog\\\/wp-content\\\/uploads\\\/2018\\\/05\\\/Katalog_WILD_2018-1.jpg\",\"width\":600,\"height\":600,\"caption\":\"WILD Fotoausstellung im Haus am Dom Frankfurt\"},{\"@type\":\"BreadcrumbList\",\"@id\":\"https:\\\/\\\/www.annalogue.de\\\/blog\\\/wild-fotoausstellung-im-haus-am-dom-frankfurt\\\/#breadcrumb\",\"itemListElement\":[{\"@type\":\"ListItem\",\"position\":1,\"name\":\"Home\",\"item\":\"https:\\\/\\\/www.annalogue.de\\\/blog\\\/\"},{\"@type\":\"ListItem\",\"position\":2,\"name\":\"WILD Fotoausstellung im Haus am Dom Frankfurt\"}]},{\"@type\":\"WebSite\",\"@id\":\"https:\\\/\\\/www.annalogue.de\\\/blog\\\/#website\",\"url\":\"https:\\\/\\\/www.annalogue.de\\\/blog\\\/\",\"name\":\"annalogue blog\",\"description\":\"\",\"publisher\":{\"@id\":\"https:\\\/\\\/www.annalogue.de\\\/blog\\\/#organization\"},\"potentialAction\":[{\"@type\":\"SearchAction\",\"target\":{\"@type\":\"EntryPoint\",\"urlTemplate\":\"https:\\\/\\\/www.annalogue.de\\\/blog\\\/?s={search_term_string}\"},\"query-input\":{\"@type\":\"PropertyValueSpecification\",\"valueRequired\":true,\"valueName\":\"search_term_string\"}}],\"inLanguage\":\"de\"},{\"@type\":\"Organization\",\"@id\":\"https:\\\/\\\/www.annalogue.de\\\/blog\\\/#organization\",\"name\":\"Anna Logue Fotografie\",\"url\":\"https:\\\/\\\/www.annalogue.de\\\/blog\\\/\",\"logo\":{\"@type\":\"ImageObject\",\"inLanguage\":\"de\",\"@id\":\"https:\\\/\\\/www.annalogue.de\\\/blog\\\/#\\\/schema\\\/logo\\\/image\\\/\",\"url\":\"https:\\\/\\\/www.annalogue.de\\\/blog\\\/wp-content\\\/uploads\\\/2015\\\/05\\\/anna_logo.jpg\",\"contentUrl\":\"https:\\\/\\\/www.annalogue.de\\\/blog\\\/wp-content\\\/uploads\\\/2015\\\/05\\\/anna_logo.jpg\",\"width\":283,\"height\":283,\"caption\":\"Anna Logue Fotografie\"},\"image\":{\"@id\":\"https:\\\/\\\/www.annalogue.de\\\/blog\\\/#\\\/schema\\\/logo\\\/image\\\/\"},\"sameAs\":[\"https:\\\/\\\/www.facebook.com\\\/AnnaLogueFotografie\",\"https:\\\/\\\/instagram.com\\\/annalogue_de\\\/\",\"https:\\\/\\\/www.youtube.com\\\/user\\\/AnnaLogueHD\\\/\"]},{\"@type\":\"Person\",\"@id\":\"https:\\\/\\\/www.annalogue.de\\\/blog\\\/#\\\/schema\\\/person\\\/bd01738d0e4cfaae4144c5f460168a62\",\"name\":\"annalogue\",\"image\":{\"@type\":\"ImageObject\",\"inLanguage\":\"de\",\"@id\":\"https:\\\/\\\/secure.gravatar.com\\\/avatar\\\/a9d9e7bd0ef6e2f0a1f9e2ab5c60cb3793108278b3162054f55866e2de3465bb?s=96&d=mm&r=g\",\"url\":\"https:\\\/\\\/secure.gravatar.com\\\/avatar\\\/a9d9e7bd0ef6e2f0a1f9e2ab5c60cb3793108278b3162054f55866e2de3465bb?s=96&d=mm&r=g\",\"contentUrl\":\"https:\\\/\\\/secure.gravatar.com\\\/avatar\\\/a9d9e7bd0ef6e2f0a1f9e2ab5c60cb3793108278b3162054f55866e2de3465bb?s=96&d=mm&r=g\",\"caption\":\"annalogue\"},\"sameAs\":[\"https:\\\/\\\/www.annalogue.de\",\"https:\\\/\\\/www.facebook.com\\\/AnnaLogueFotografie\",\"https:\\\/\\\/www.instagram.com\\\/annalogue_de\"],\"url\":\"https:\\\/\\\/www.annalogue.de\\\/blog\\\/author\\\/annalogue\\\/\"}]}<\/script>\n<!-- \/ Yoast SEO plugin. -->","yoast_head_json":{"title":"WILD Fotoausstellung im Haus am Dom Frankfurt - annalogue blog","description":"WILD Fotoausstellung mit dem Berufsverband Freelens im Haus am Dom Frankfurt vom 10.06.\u201310.08.2018 - Vernissage am Samstag, den 09.06.2018","robots":{"index":"index","follow":"follow","max-snippet":"max-snippet:-1","max-image-preview":"max-image-preview:large","max-video-preview":"max-video-preview:-1"},"canonical":"https:\/\/www.annalogue.de\/blog\/wild-fotoausstellung-im-haus-am-dom-frankfurt\/","og_locale":"de_DE","og_type":"article","og_title":"WILD Fotoausstellung im Haus am Dom Frankfurt - annalogue blog","og_description":"WILD Fotoausstellung mit dem Berufsverband Freelens im Haus am Dom Frankfurt vom 10.06.\u201310.08.2018 - Vernissage am Samstag, den 09.06.2018","og_url":"https:\/\/www.annalogue.de\/blog\/wild-fotoausstellung-im-haus-am-dom-frankfurt\/","og_site_name":"annalogue blog","article_publisher":"https:\/\/www.facebook.com\/AnnaLogueFotografie","article_author":"https:\/\/www.facebook.com\/AnnaLogueFotografie","article_published_time":"2018-05-16T14:33:04+00:00","article_modified_time":"2024-06-10T13:38:12+00:00","og_image":[{"width":600,"height":600,"url":"https:\/\/www.annalogue.de\/blog\/wp-content\/uploads\/2018\/05\/Katalog_WILD_2018-1.jpg","type":"image\/jpeg"}],"author":"annalogue","twitter_card":"summary_large_image","twitter_misc":{"Verfasst von":"annalogue","Gesch\u00e4tzte Lesezeit":"2\u00a0Minuten"},"schema":{"@context":"https:\/\/schema.org","@graph":[{"@type":"Article","@id":"https:\/\/www.annalogue.de\/blog\/wild-fotoausstellung-im-haus-am-dom-frankfurt\/#article","isPartOf":{"@id":"https:\/\/www.annalogue.de\/blog\/wild-fotoausstellung-im-haus-am-dom-frankfurt\/"},"author":{"name":"annalogue","@id":"https:\/\/www.annalogue.de\/blog\/#\/schema\/person\/bd01738d0e4cfaae4144c5f460168a62"},"headline":"WILD Fotoausstellung im Haus am Dom Frankfurt","datePublished":"2018-05-16T14:33:04+00:00","dateModified":"2024-06-10T13:38:12+00:00","mainEntityOfPage":{"@id":"https:\/\/www.annalogue.de\/blog\/wild-fotoausstellung-im-haus-am-dom-frankfurt\/"},"wordCount":262,"commentCount":0,"publisher":{"@id":"https:\/\/www.annalogue.de\/blog\/#organization"},"image":{"@id":"https:\/\/www.annalogue.de\/blog\/wild-fotoausstellung-im-haus-am-dom-frankfurt\/#primaryimage"},"thumbnailUrl":"https:\/\/www.annalogue.de\/blog\/wp-content\/uploads\/2018\/05\/Katalog_WILD_2018-1.jpg","keywords":["Ausstellungen","freie Projekte","Portrait"],"inLanguage":"de","potentialAction":[{"@type":"CommentAction","name":"Comment","target":["https:\/\/www.annalogue.de\/blog\/wild-fotoausstellung-im-haus-am-dom-frankfurt\/#respond"]}]},{"@type":"WebPage","@id":"https:\/\/www.annalogue.de\/blog\/wild-fotoausstellung-im-haus-am-dom-frankfurt\/","url":"https:\/\/www.annalogue.de\/blog\/wild-fotoausstellung-im-haus-am-dom-frankfurt\/","name":"WILD Fotoausstellung im Haus am Dom Frankfurt - annalogue blog","isPartOf":{"@id":"https:\/\/www.annalogue.de\/blog\/#website"},"primaryImageOfPage":{"@id":"https:\/\/www.annalogue.de\/blog\/wild-fotoausstellung-im-haus-am-dom-frankfurt\/#primaryimage"},"image":{"@id":"https:\/\/www.annalogue.de\/blog\/wild-fotoausstellung-im-haus-am-dom-frankfurt\/#primaryimage"},"thumbnailUrl":"https:\/\/www.annalogue.de\/blog\/wp-content\/uploads\/2018\/05\/Katalog_WILD_2018-1.jpg","datePublished":"2018-05-16T14:33:04+00:00","dateModified":"2024-06-10T13:38:12+00:00","description":"WILD Fotoausstellung mit dem Berufsverband Freelens im Haus am Dom Frankfurt vom 10.06.\u201310.08.2018 - Vernissage am Samstag, den 09.06.2018","breadcrumb":{"@id":"https:\/\/www.annalogue.de\/blog\/wild-fotoausstellung-im-haus-am-dom-frankfurt\/#breadcrumb"},"inLanguage":"de","potentialAction":[{"@type":"ReadAction","target":["https:\/\/www.annalogue.de\/blog\/wild-fotoausstellung-im-haus-am-dom-frankfurt\/"]}]},{"@type":"ImageObject","inLanguage":"de","@id":"https:\/\/www.annalogue.de\/blog\/wild-fotoausstellung-im-haus-am-dom-frankfurt\/#primaryimage","url":"https:\/\/www.annalogue.de\/blog\/wp-content\/uploads\/2018\/05\/Katalog_WILD_2018-1.jpg","contentUrl":"https:\/\/www.annalogue.de\/blog\/wp-content\/uploads\/2018\/05\/Katalog_WILD_2018-1.jpg","width":600,"height":600,"caption":"WILD Fotoausstellung im Haus am Dom Frankfurt"},{"@type":"BreadcrumbList","@id":"https:\/\/www.annalogue.de\/blog\/wild-fotoausstellung-im-haus-am-dom-frankfurt\/#breadcrumb","itemListElement":[{"@type":"ListItem","position":1,"name":"Home","item":"https:\/\/www.annalogue.de\/blog\/"},{"@type":"ListItem","position":2,"name":"WILD Fotoausstellung im Haus am Dom Frankfurt"}]},{"@type":"WebSite","@id":"https:\/\/www.annalogue.de\/blog\/#website","url":"https:\/\/www.annalogue.de\/blog\/","name":"annalogue blog","description":"","publisher":{"@id":"https:\/\/www.annalogue.de\/blog\/#organization"},"potentialAction":[{"@type":"SearchAction","target":{"@type":"EntryPoint","urlTemplate":"https:\/\/www.annalogue.de\/blog\/?s={search_term_string}"},"query-input":{"@type":"PropertyValueSpecification","valueRequired":true,"valueName":"search_term_string"}}],"inLanguage":"de"},{"@type":"Organization","@id":"https:\/\/www.annalogue.de\/blog\/#organization","name":"Anna Logue Fotografie","url":"https:\/\/www.annalogue.de\/blog\/","logo":{"@type":"ImageObject","inLanguage":"de","@id":"https:\/\/www.annalogue.de\/blog\/#\/schema\/logo\/image\/","url":"https:\/\/www.annalogue.de\/blog\/wp-content\/uploads\/2015\/05\/anna_logo.jpg","contentUrl":"https:\/\/www.annalogue.de\/blog\/wp-content\/uploads\/2015\/05\/anna_logo.jpg","width":283,"height":283,"caption":"Anna Logue Fotografie"},"image":{"@id":"https:\/\/www.annalogue.de\/blog\/#\/schema\/logo\/image\/"},"sameAs":["https:\/\/www.facebook.com\/AnnaLogueFotografie","https:\/\/instagram.com\/annalogue_de\/","https:\/\/www.youtube.com\/user\/AnnaLogueHD\/"]},{"@type":"Person","@id":"https:\/\/www.annalogue.de\/blog\/#\/schema\/person\/bd01738d0e4cfaae4144c5f460168a62","name":"annalogue","image":{"@type":"ImageObject","inLanguage":"de","@id":"https:\/\/secure.gravatar.com\/avatar\/a9d9e7bd0ef6e2f0a1f9e2ab5c60cb3793108278b3162054f55866e2de3465bb?s=96&d=mm&r=g","url":"https:\/\/secure.gravatar.com\/avatar\/a9d9e7bd0ef6e2f0a1f9e2ab5c60cb3793108278b3162054f55866e2de3465bb?s=96&d=mm&r=g","contentUrl":"https:\/\/secure.gravatar.com\/avatar\/a9d9e7bd0ef6e2f0a1f9e2ab5c60cb3793108278b3162054f55866e2de3465bb?s=96&d=mm&r=g","caption":"annalogue"},"sameAs":["https:\/\/www.annalogue.de","https:\/\/www.facebook.com\/AnnaLogueFotografie","https:\/\/www.instagram.com\/annalogue_de"],"url":"https:\/\/www.annalogue.de\/blog\/author\/annalogue\/"}]}},"_links":{"self":[{"href":"https:\/\/www.annalogue.de\/blog\/wp-json\/wp\/v2\/posts\/2103","targetHints":{"allow":["GET"]}}],"collection":[{"href":"https:\/\/www.annalogue.de\/blog\/wp-json\/wp\/v2\/posts"}],"about":[{"href":"https:\/\/www.annalogue.de\/blog\/wp-json\/wp\/v2\/types\/post"}],"author":[{"embeddable":true,"href":"https:\/\/www.annalogue.de\/blog\/wp-json\/wp\/v2\/users\/1"}],"replies":[{"embeddable":true,"href":"https:\/\/www.annalogue.de\/blog\/wp-json\/wp\/v2\/comments?post=2103"}],"version-history":[{"count":6,"href":"https:\/\/www.annalogue.de\/blog\/wp-json\/wp\/v2\/posts\/2103\/revisions"}],"predecessor-version":[{"id":3455,"href":"https:\/\/www.annalogue.de\/blog\/wp-json\/wp\/v2\/posts\/2103\/revisions\/3455"}],"wp:featuredmedia":[{"embeddable":true,"href":"https:\/\/www.annalogue.de\/blog\/wp-json\/wp\/v2\/media\/2104"}],"wp:attachment":[{"href":"https:\/\/www.annalogue.de\/blog\/wp-json\/wp\/v2\/media?parent=2103"}],"wp:term":[{"taxonomy":"category","embeddable":true,"href":"https:\/\/www.annalogue.de\/blog\/wp-json\/wp\/v2\/categories?post=2103"},{"taxonomy":"post_tag","embeddable":true,"href":"https:\/\/www.annalogue.de\/blog\/wp-json\/wp\/v2\/tags?post=2103"}],"curies":[{"name":"wp","href":"https:\/\/api.w.org\/{rel}","templated":true}]}}