{"id":3333,"date":"2023-01-22T13:19:00","date_gmt":"2023-01-22T12:19:00","guid":{"rendered":"https:\/\/www.annalogue.de\/blog\/?p=3333"},"modified":"2023-02-06T17:13:14","modified_gmt":"2023-02-06T16:13:14","slug":"ausstellung-vor-ort-im-mannheimer-kunstverein","status":"publish","type":"post","link":"https:\/\/www.annalogue.de\/blog\/ausstellung-vor-ort-im-mannheimer-kunstverein\/","title":{"rendered":"Ausstellung \u201eVor Ort\u201c im Mannheimer Kunstverein"},"content":{"rendered":"\n<p><strong>22.01.2023 bis 02.04.2023<\/strong><\/p>\n\n\n\n<p><strong>Vernissage am 22.01.2023 um 17 Uhr<\/strong><\/p>\n\n\n\n<p>\u201eVOR ORT\u201c ist eine ganz besondere Gruppenausstellung. Mannheim, als eine Stadt der Fotografie, besitzt eine einzigartige kulturelle Infrastruktur, die in den letzten Jahren st\u00e4ndig gewachsen ist und weit \u00fcber unsere Stadt hinaus wirkt. 40 Fotograf*innen sind unserer Einladung gefolgt, ihre Arbeiten gemeinsam in einer Pr\u00e4sentation vorzustellen. Die Ausstellung ist eine Momentaufnahme des Hier und Jetzt \u2013 exemplarisch repr\u00e4sentativ f\u00fcr unsere Tage.<\/p>\n\n\n\n<p>Die Teilnehmer*innen zeigen ein weites Feld k\u00fcnstlerischer Ausdrucksm\u00f6glichkeiten. Die Vielfalt der fotografischen Ans\u00e4tze und Blickwinkel ist beeindruckend und zeigt das breite Spektrum der aktuellen Fotoszene. Die getroffene Auswahl wurde nach intensiven Recherchen in der Fotoszene der Region von einer Fachjury getroffen. Dieser war es vor allem anderen wichtig, eine m\u00f6glichst breite und qualitativ schl\u00fcssige Schau zusammenzustellen, um ein aktuelles Bild der Szene zu erm\u00f6glichen.<\/p>\n\n\n\n<p>Der Mannheimer Kunstverein versteht die Ausstellung als ein Statement \u2013 ein Pl\u00e4doyer f\u00fcr Vielfalt \u2013 f\u00fcr das Recht auf den eigenen, subjektiven Blick auf unsere Wirklichkeit, jenseits aller fotografischer Bildkonventionen und der massenhaften Stereotypen unserer allt\u00e4glich digitalen Bilderflut. Ein Foto ist immer auch eine bildgewordene Emotion, Stimmung, Empfindung und ein Umfeld. Was wir zeigen wollen, ist ein Ausschnitt aus der Vielfalt des M\u00f6glichen. Die Ausstellung ist unser Beitrag zur Gegenwart der Fotografie in unserer Region, motiviert aus der langen Geschichte eigener Ausstellungen zum Thema Fotografie, die Mitte des 19. Jahrhunderts beginnt und uns bis heute begleitet. Fotografien entstehen f\u00fcr die Zukunft, sind Zeitkapseln, die uns Morgen vom heute berichten.<\/p>\n\n\n\n<p><\/p>\n\n\n\n<p>Zur Ausstellung erscheint ein umfangreicher Katalog im Klotz Verlagshaus.<\/p>\n\n\n\n<p><\/p>\n\n\n\n<p><strong>Teilnehmende Fotograf*innen:<\/strong><br><em>Sabine Arndt \u2013 Petra Arnold \u2013 Esma Ates \u2013 Arthur Bauer \u2013 Maximilian Borchardt \u2013 Ottokar Braun \u2013 Ariane Coerper \u2013 Christian Dammert \u2013 Robert Fahrland \u2013 Jonathan Funk \u2013 Georg Glatzel \u2013 Horst Hamann \u2013 Markus Kaesler \u2013 Klaus Dieter Kieslich \u2013 Sandra K\u00f6stler \u2013 Karolin Kruch \u2013 Jule K\u00fchn \u2013 Anna Logue \u2013 Adonis Malamos \u2013 Thommy S. Mardo \u2013 Hannah Moser \u2013 Alexander M\u00fcnch \u2013 Annette Mueck \u2013 Susanne Neiss \u2013 Franz Niedermayer \u2013 Jessen Oestergaard \u2013 Katarzyna Paruszewska-Hamann \u2013 Heike Penner \u2013 Jennifer Petzold \u2013 Marie Preaud \u2013 Manfred Rinderspacher \u2013 Hannah Schemel \u2013 Peter Schl\u00f6r \u2013 Miriam Stanke \u2013 Wolfgang Steche \u2013 Claus Stolz \u2013 Ulrike Thomas \u2013 Jaytee Van Stean \u2013 Marco Vedana \u2013 Rainer Zerback<\/em><\/p>\n\n\n\n<p><br><br>Die Ausstellung wird von zahlreichen Sonderveranstaltungen begleitet. &nbsp;\u00d6ffnungszeiten der Ausstellung und aktualisierte Liste der Sonderveranstaltungen finden Sie auf der Webseite des Kunstvereins.<\/p>\n\n\n\n<p><br>Mannheimer Kunstverein e.V.<br>Augustaanlage 58<br>68165 Mannheim<\/p>\n\n\n\n<p><\/p>\n\n\n\n<figure class=\"wp-block-embed is-type-wp-embed is-provider-mannheimer-kunstverein-e-v wp-block-embed-mannheimer-kunstverein-e-v\"><div class=\"wp-block-embed__wrapper\">\nhttps:\/\/mannheimer-kunstverein.de\/ausstellung\/vor-ort\/\n<\/div><\/figure>\n","protected":false},"excerpt":{"rendered":"<p>22.01.2023 bis 02.04.2023 Vernissage am 22.01.2023 um 17 Uhr \u201eVOR ORT\u201c ist eine ganz besondere Gruppenausstellung. Mannheim, als eine Stadt der Fotografie, besitzt eine einzigartige kulturelle Infrastruktur, die in den letzten Jahren st\u00e4ndig gewachsen ist und weit \u00fcber unsere Stadt hinaus wirkt. 40 Fotograf*innen sind unserer Einladung gefolgt, ihre Arbeiten gemeinsam in einer Pr\u00e4sentation vorzustellen. [&hellip;]<\/p>\n","protected":false},"author":1,"featured_media":3339,"comment_status":"closed","ping_status":"open","sticky":false,"template":"","format":"standard","meta":{"footnotes":""},"categories":[1],"tags":[52,54],"class_list":["post-3333","post","type-post","status-publish","format-standard","has-post-thumbnail","hentry","category-allgemein","tag-ausstellungen","tag-freie-projekte"],"yoast_head":"<!-- This site is optimized with the Yoast SEO plugin v27.5 - https:\/\/yoast.com\/product\/yoast-seo-wordpress\/ -->\n<title>Ausstellung \u201eVor Ort\u201c im Mannheimer Kunstverein - annalogue blog<\/title>\n<meta name=\"robots\" content=\"index, follow, max-snippet:-1, max-image-preview:large, max-video-preview:-1\" \/>\n<link rel=\"canonical\" href=\"https:\/\/www.annalogue.de\/blog\/ausstellung-vor-ort-im-mannheimer-kunstverein\/\" \/>\n<meta property=\"og:locale\" content=\"de_DE\" \/>\n<meta property=\"og:type\" content=\"article\" \/>\n<meta property=\"og:title\" content=\"Ausstellung \u201eVor Ort\u201c im Mannheimer Kunstverein - annalogue blog\" \/>\n<meta property=\"og:description\" content=\"22.01.2023 bis 02.04.2023 Vernissage am 22.01.2023 um 17 Uhr \u201eVOR ORT\u201c ist eine ganz besondere Gruppenausstellung. Mannheim, als eine Stadt der Fotografie, besitzt eine einzigartige kulturelle Infrastruktur, die in den letzten Jahren st\u00e4ndig gewachsen ist und weit \u00fcber unsere Stadt hinaus wirkt. 40 Fotograf*innen sind unserer Einladung gefolgt, ihre Arbeiten gemeinsam in einer Pr\u00e4sentation vorzustellen. [&hellip;]\" \/>\n<meta property=\"og:url\" content=\"https:\/\/www.annalogue.de\/blog\/ausstellung-vor-ort-im-mannheimer-kunstverein\/\" \/>\n<meta property=\"og:site_name\" content=\"annalogue blog\" \/>\n<meta property=\"article:publisher\" content=\"https:\/\/www.facebook.com\/AnnaLogueFotografie\" \/>\n<meta property=\"article:author\" content=\"https:\/\/www.facebook.com\/AnnaLogueFotografie\" \/>\n<meta property=\"article:published_time\" content=\"2023-01-22T12:19:00+00:00\" \/>\n<meta property=\"article:modified_time\" content=\"2023-02-06T16:13:14+00:00\" \/>\n<meta property=\"og:image\" content=\"https:\/\/www.annalogue.de\/blog\/wp-content\/uploads\/2023\/01\/Ausstellung_Vor_Ort_Mannheimer_Kunstverein.jpg\" \/>\n\t<meta property=\"og:image:width\" content=\"1051\" \/>\n\t<meta property=\"og:image:height\" content=\"900\" \/>\n\t<meta property=\"og:image:type\" content=\"image\/jpeg\" \/>\n<meta name=\"author\" content=\"annalogue\" \/>\n<meta name=\"twitter:card\" content=\"summary_large_image\" \/>\n<meta name=\"twitter:label1\" content=\"Verfasst von\" \/>\n\t<meta name=\"twitter:data1\" content=\"annalogue\" \/>\n\t<meta name=\"twitter:label2\" content=\"Gesch\u00e4tzte Lesezeit\" \/>\n\t<meta name=\"twitter:data2\" content=\"3\u00a0Minuten\" \/>\n<script type=\"application\/ld+json\" class=\"yoast-schema-graph\">{\"@context\":\"https:\\\/\\\/schema.org\",\"@graph\":[{\"@type\":\"Article\",\"@id\":\"https:\\\/\\\/www.annalogue.de\\\/blog\\\/ausstellung-vor-ort-im-mannheimer-kunstverein\\\/#article\",\"isPartOf\":{\"@id\":\"https:\\\/\\\/www.annalogue.de\\\/blog\\\/ausstellung-vor-ort-im-mannheimer-kunstverein\\\/\"},\"author\":{\"name\":\"annalogue\",\"@id\":\"https:\\\/\\\/www.annalogue.de\\\/blog\\\/#\\\/schema\\\/person\\\/bd01738d0e4cfaae4144c5f460168a62\"},\"headline\":\"Ausstellung \u201eVor Ort\u201c im Mannheimer Kunstverein\",\"datePublished\":\"2023-01-22T12:19:00+00:00\",\"dateModified\":\"2023-02-06T16:13:14+00:00\",\"mainEntityOfPage\":{\"@id\":\"https:\\\/\\\/www.annalogue.de\\\/blog\\\/ausstellung-vor-ort-im-mannheimer-kunstverein\\\/\"},\"wordCount\":391,\"publisher\":{\"@id\":\"https:\\\/\\\/www.annalogue.de\\\/blog\\\/#organization\"},\"image\":{\"@id\":\"https:\\\/\\\/www.annalogue.de\\\/blog\\\/ausstellung-vor-ort-im-mannheimer-kunstverein\\\/#primaryimage\"},\"thumbnailUrl\":\"https:\\\/\\\/www.annalogue.de\\\/blog\\\/wp-content\\\/uploads\\\/2023\\\/01\\\/Ausstellung_Vor_Ort_Mannheimer_Kunstverein.jpg\",\"keywords\":[\"Ausstellungen\",\"freie Projekte\"],\"inLanguage\":\"de\"},{\"@type\":\"WebPage\",\"@id\":\"https:\\\/\\\/www.annalogue.de\\\/blog\\\/ausstellung-vor-ort-im-mannheimer-kunstverein\\\/\",\"url\":\"https:\\\/\\\/www.annalogue.de\\\/blog\\\/ausstellung-vor-ort-im-mannheimer-kunstverein\\\/\",\"name\":\"Ausstellung \u201eVor Ort\u201c im Mannheimer Kunstverein - annalogue blog\",\"isPartOf\":{\"@id\":\"https:\\\/\\\/www.annalogue.de\\\/blog\\\/#website\"},\"primaryImageOfPage\":{\"@id\":\"https:\\\/\\\/www.annalogue.de\\\/blog\\\/ausstellung-vor-ort-im-mannheimer-kunstverein\\\/#primaryimage\"},\"image\":{\"@id\":\"https:\\\/\\\/www.annalogue.de\\\/blog\\\/ausstellung-vor-ort-im-mannheimer-kunstverein\\\/#primaryimage\"},\"thumbnailUrl\":\"https:\\\/\\\/www.annalogue.de\\\/blog\\\/wp-content\\\/uploads\\\/2023\\\/01\\\/Ausstellung_Vor_Ort_Mannheimer_Kunstverein.jpg\",\"datePublished\":\"2023-01-22T12:19:00+00:00\",\"dateModified\":\"2023-02-06T16:13:14+00:00\",\"breadcrumb\":{\"@id\":\"https:\\\/\\\/www.annalogue.de\\\/blog\\\/ausstellung-vor-ort-im-mannheimer-kunstverein\\\/#breadcrumb\"},\"inLanguage\":\"de\",\"potentialAction\":[{\"@type\":\"ReadAction\",\"target\":[\"https:\\\/\\\/www.annalogue.de\\\/blog\\\/ausstellung-vor-ort-im-mannheimer-kunstverein\\\/\"]}]},{\"@type\":\"ImageObject\",\"inLanguage\":\"de\",\"@id\":\"https:\\\/\\\/www.annalogue.de\\\/blog\\\/ausstellung-vor-ort-im-mannheimer-kunstverein\\\/#primaryimage\",\"url\":\"https:\\\/\\\/www.annalogue.de\\\/blog\\\/wp-content\\\/uploads\\\/2023\\\/01\\\/Ausstellung_Vor_Ort_Mannheimer_Kunstverein.jpg\",\"contentUrl\":\"https:\\\/\\\/www.annalogue.de\\\/blog\\\/wp-content\\\/uploads\\\/2023\\\/01\\\/Ausstellung_Vor_Ort_Mannheimer_Kunstverein.jpg\",\"width\":1051,\"height\":900,\"caption\":\"Ausstellung Vor Ort Mannheimer Kunstverein\"},{\"@type\":\"BreadcrumbList\",\"@id\":\"https:\\\/\\\/www.annalogue.de\\\/blog\\\/ausstellung-vor-ort-im-mannheimer-kunstverein\\\/#breadcrumb\",\"itemListElement\":[{\"@type\":\"ListItem\",\"position\":1,\"name\":\"Home\",\"item\":\"https:\\\/\\\/www.annalogue.de\\\/blog\\\/\"},{\"@type\":\"ListItem\",\"position\":2,\"name\":\"Ausstellung \u201eVor Ort\u201c im Mannheimer Kunstverein\"}]},{\"@type\":\"WebSite\",\"@id\":\"https:\\\/\\\/www.annalogue.de\\\/blog\\\/#website\",\"url\":\"https:\\\/\\\/www.annalogue.de\\\/blog\\\/\",\"name\":\"annalogue blog\",\"description\":\"\",\"publisher\":{\"@id\":\"https:\\\/\\\/www.annalogue.de\\\/blog\\\/#organization\"},\"potentialAction\":[{\"@type\":\"SearchAction\",\"target\":{\"@type\":\"EntryPoint\",\"urlTemplate\":\"https:\\\/\\\/www.annalogue.de\\\/blog\\\/?s={search_term_string}\"},\"query-input\":{\"@type\":\"PropertyValueSpecification\",\"valueRequired\":true,\"valueName\":\"search_term_string\"}}],\"inLanguage\":\"de\"},{\"@type\":\"Organization\",\"@id\":\"https:\\\/\\\/www.annalogue.de\\\/blog\\\/#organization\",\"name\":\"Anna Logue Fotografie\",\"url\":\"https:\\\/\\\/www.annalogue.de\\\/blog\\\/\",\"logo\":{\"@type\":\"ImageObject\",\"inLanguage\":\"de\",\"@id\":\"https:\\\/\\\/www.annalogue.de\\\/blog\\\/#\\\/schema\\\/logo\\\/image\\\/\",\"url\":\"https:\\\/\\\/www.annalogue.de\\\/blog\\\/wp-content\\\/uploads\\\/2015\\\/05\\\/anna_logo.jpg\",\"contentUrl\":\"https:\\\/\\\/www.annalogue.de\\\/blog\\\/wp-content\\\/uploads\\\/2015\\\/05\\\/anna_logo.jpg\",\"width\":283,\"height\":283,\"caption\":\"Anna Logue Fotografie\"},\"image\":{\"@id\":\"https:\\\/\\\/www.annalogue.de\\\/blog\\\/#\\\/schema\\\/logo\\\/image\\\/\"},\"sameAs\":[\"https:\\\/\\\/www.facebook.com\\\/AnnaLogueFotografie\",\"https:\\\/\\\/instagram.com\\\/annalogue_de\\\/\",\"https:\\\/\\\/www.youtube.com\\\/user\\\/AnnaLogueHD\\\/\"]},{\"@type\":\"Person\",\"@id\":\"https:\\\/\\\/www.annalogue.de\\\/blog\\\/#\\\/schema\\\/person\\\/bd01738d0e4cfaae4144c5f460168a62\",\"name\":\"annalogue\",\"image\":{\"@type\":\"ImageObject\",\"inLanguage\":\"de\",\"@id\":\"https:\\\/\\\/secure.gravatar.com\\\/avatar\\\/a9d9e7bd0ef6e2f0a1f9e2ab5c60cb3793108278b3162054f55866e2de3465bb?s=96&d=mm&r=g\",\"url\":\"https:\\\/\\\/secure.gravatar.com\\\/avatar\\\/a9d9e7bd0ef6e2f0a1f9e2ab5c60cb3793108278b3162054f55866e2de3465bb?s=96&d=mm&r=g\",\"contentUrl\":\"https:\\\/\\\/secure.gravatar.com\\\/avatar\\\/a9d9e7bd0ef6e2f0a1f9e2ab5c60cb3793108278b3162054f55866e2de3465bb?s=96&d=mm&r=g\",\"caption\":\"annalogue\"},\"sameAs\":[\"https:\\\/\\\/www.annalogue.de\",\"https:\\\/\\\/www.facebook.com\\\/AnnaLogueFotografie\",\"https:\\\/\\\/www.instagram.com\\\/annalogue_de\"],\"url\":\"https:\\\/\\\/www.annalogue.de\\\/blog\\\/author\\\/annalogue\\\/\"}]}<\/script>\n<!-- \/ Yoast SEO plugin. -->","yoast_head_json":{"title":"Ausstellung \u201eVor Ort\u201c im Mannheimer Kunstverein - annalogue blog","robots":{"index":"index","follow":"follow","max-snippet":"max-snippet:-1","max-image-preview":"max-image-preview:large","max-video-preview":"max-video-preview:-1"},"canonical":"https:\/\/www.annalogue.de\/blog\/ausstellung-vor-ort-im-mannheimer-kunstverein\/","og_locale":"de_DE","og_type":"article","og_title":"Ausstellung \u201eVor Ort\u201c im Mannheimer Kunstverein - annalogue blog","og_description":"22.01.2023 bis 02.04.2023 Vernissage am 22.01.2023 um 17 Uhr \u201eVOR ORT\u201c ist eine ganz besondere Gruppenausstellung. Mannheim, als eine Stadt der Fotografie, besitzt eine einzigartige kulturelle Infrastruktur, die in den letzten Jahren st\u00e4ndig gewachsen ist und weit \u00fcber unsere Stadt hinaus wirkt. 40 Fotograf*innen sind unserer Einladung gefolgt, ihre Arbeiten gemeinsam in einer Pr\u00e4sentation vorzustellen. [&hellip;]","og_url":"https:\/\/www.annalogue.de\/blog\/ausstellung-vor-ort-im-mannheimer-kunstverein\/","og_site_name":"annalogue blog","article_publisher":"https:\/\/www.facebook.com\/AnnaLogueFotografie","article_author":"https:\/\/www.facebook.com\/AnnaLogueFotografie","article_published_time":"2023-01-22T12:19:00+00:00","article_modified_time":"2023-02-06T16:13:14+00:00","og_image":[{"width":1051,"height":900,"url":"https:\/\/www.annalogue.de\/blog\/wp-content\/uploads\/2023\/01\/Ausstellung_Vor_Ort_Mannheimer_Kunstverein.jpg","type":"image\/jpeg"}],"author":"annalogue","twitter_card":"summary_large_image","twitter_misc":{"Verfasst von":"annalogue","Gesch\u00e4tzte Lesezeit":"3\u00a0Minuten"},"schema":{"@context":"https:\/\/schema.org","@graph":[{"@type":"Article","@id":"https:\/\/www.annalogue.de\/blog\/ausstellung-vor-ort-im-mannheimer-kunstverein\/#article","isPartOf":{"@id":"https:\/\/www.annalogue.de\/blog\/ausstellung-vor-ort-im-mannheimer-kunstverein\/"},"author":{"name":"annalogue","@id":"https:\/\/www.annalogue.de\/blog\/#\/schema\/person\/bd01738d0e4cfaae4144c5f460168a62"},"headline":"Ausstellung \u201eVor Ort\u201c im Mannheimer Kunstverein","datePublished":"2023-01-22T12:19:00+00:00","dateModified":"2023-02-06T16:13:14+00:00","mainEntityOfPage":{"@id":"https:\/\/www.annalogue.de\/blog\/ausstellung-vor-ort-im-mannheimer-kunstverein\/"},"wordCount":391,"publisher":{"@id":"https:\/\/www.annalogue.de\/blog\/#organization"},"image":{"@id":"https:\/\/www.annalogue.de\/blog\/ausstellung-vor-ort-im-mannheimer-kunstverein\/#primaryimage"},"thumbnailUrl":"https:\/\/www.annalogue.de\/blog\/wp-content\/uploads\/2023\/01\/Ausstellung_Vor_Ort_Mannheimer_Kunstverein.jpg","keywords":["Ausstellungen","freie Projekte"],"inLanguage":"de"},{"@type":"WebPage","@id":"https:\/\/www.annalogue.de\/blog\/ausstellung-vor-ort-im-mannheimer-kunstverein\/","url":"https:\/\/www.annalogue.de\/blog\/ausstellung-vor-ort-im-mannheimer-kunstverein\/","name":"Ausstellung \u201eVor Ort\u201c im Mannheimer Kunstverein - annalogue blog","isPartOf":{"@id":"https:\/\/www.annalogue.de\/blog\/#website"},"primaryImageOfPage":{"@id":"https:\/\/www.annalogue.de\/blog\/ausstellung-vor-ort-im-mannheimer-kunstverein\/#primaryimage"},"image":{"@id":"https:\/\/www.annalogue.de\/blog\/ausstellung-vor-ort-im-mannheimer-kunstverein\/#primaryimage"},"thumbnailUrl":"https:\/\/www.annalogue.de\/blog\/wp-content\/uploads\/2023\/01\/Ausstellung_Vor_Ort_Mannheimer_Kunstverein.jpg","datePublished":"2023-01-22T12:19:00+00:00","dateModified":"2023-02-06T16:13:14+00:00","breadcrumb":{"@id":"https:\/\/www.annalogue.de\/blog\/ausstellung-vor-ort-im-mannheimer-kunstverein\/#breadcrumb"},"inLanguage":"de","potentialAction":[{"@type":"ReadAction","target":["https:\/\/www.annalogue.de\/blog\/ausstellung-vor-ort-im-mannheimer-kunstverein\/"]}]},{"@type":"ImageObject","inLanguage":"de","@id":"https:\/\/www.annalogue.de\/blog\/ausstellung-vor-ort-im-mannheimer-kunstverein\/#primaryimage","url":"https:\/\/www.annalogue.de\/blog\/wp-content\/uploads\/2023\/01\/Ausstellung_Vor_Ort_Mannheimer_Kunstverein.jpg","contentUrl":"https:\/\/www.annalogue.de\/blog\/wp-content\/uploads\/2023\/01\/Ausstellung_Vor_Ort_Mannheimer_Kunstverein.jpg","width":1051,"height":900,"caption":"Ausstellung Vor Ort Mannheimer Kunstverein"},{"@type":"BreadcrumbList","@id":"https:\/\/www.annalogue.de\/blog\/ausstellung-vor-ort-im-mannheimer-kunstverein\/#breadcrumb","itemListElement":[{"@type":"ListItem","position":1,"name":"Home","item":"https:\/\/www.annalogue.de\/blog\/"},{"@type":"ListItem","position":2,"name":"Ausstellung \u201eVor Ort\u201c im Mannheimer Kunstverein"}]},{"@type":"WebSite","@id":"https:\/\/www.annalogue.de\/blog\/#website","url":"https:\/\/www.annalogue.de\/blog\/","name":"annalogue blog","description":"","publisher":{"@id":"https:\/\/www.annalogue.de\/blog\/#organization"},"potentialAction":[{"@type":"SearchAction","target":{"@type":"EntryPoint","urlTemplate":"https:\/\/www.annalogue.de\/blog\/?s={search_term_string}"},"query-input":{"@type":"PropertyValueSpecification","valueRequired":true,"valueName":"search_term_string"}}],"inLanguage":"de"},{"@type":"Organization","@id":"https:\/\/www.annalogue.de\/blog\/#organization","name":"Anna Logue Fotografie","url":"https:\/\/www.annalogue.de\/blog\/","logo":{"@type":"ImageObject","inLanguage":"de","@id":"https:\/\/www.annalogue.de\/blog\/#\/schema\/logo\/image\/","url":"https:\/\/www.annalogue.de\/blog\/wp-content\/uploads\/2015\/05\/anna_logo.jpg","contentUrl":"https:\/\/www.annalogue.de\/blog\/wp-content\/uploads\/2015\/05\/anna_logo.jpg","width":283,"height":283,"caption":"Anna Logue Fotografie"},"image":{"@id":"https:\/\/www.annalogue.de\/blog\/#\/schema\/logo\/image\/"},"sameAs":["https:\/\/www.facebook.com\/AnnaLogueFotografie","https:\/\/instagram.com\/annalogue_de\/","https:\/\/www.youtube.com\/user\/AnnaLogueHD\/"]},{"@type":"Person","@id":"https:\/\/www.annalogue.de\/blog\/#\/schema\/person\/bd01738d0e4cfaae4144c5f460168a62","name":"annalogue","image":{"@type":"ImageObject","inLanguage":"de","@id":"https:\/\/secure.gravatar.com\/avatar\/a9d9e7bd0ef6e2f0a1f9e2ab5c60cb3793108278b3162054f55866e2de3465bb?s=96&d=mm&r=g","url":"https:\/\/secure.gravatar.com\/avatar\/a9d9e7bd0ef6e2f0a1f9e2ab5c60cb3793108278b3162054f55866e2de3465bb?s=96&d=mm&r=g","contentUrl":"https:\/\/secure.gravatar.com\/avatar\/a9d9e7bd0ef6e2f0a1f9e2ab5c60cb3793108278b3162054f55866e2de3465bb?s=96&d=mm&r=g","caption":"annalogue"},"sameAs":["https:\/\/www.annalogue.de","https:\/\/www.facebook.com\/AnnaLogueFotografie","https:\/\/www.instagram.com\/annalogue_de"],"url":"https:\/\/www.annalogue.de\/blog\/author\/annalogue\/"}]}},"_links":{"self":[{"href":"https:\/\/www.annalogue.de\/blog\/wp-json\/wp\/v2\/posts\/3333","targetHints":{"allow":["GET"]}}],"collection":[{"href":"https:\/\/www.annalogue.de\/blog\/wp-json\/wp\/v2\/posts"}],"about":[{"href":"https:\/\/www.annalogue.de\/blog\/wp-json\/wp\/v2\/types\/post"}],"author":[{"embeddable":true,"href":"https:\/\/www.annalogue.de\/blog\/wp-json\/wp\/v2\/users\/1"}],"replies":[{"embeddable":true,"href":"https:\/\/www.annalogue.de\/blog\/wp-json\/wp\/v2\/comments?post=3333"}],"version-history":[{"count":2,"href":"https:\/\/www.annalogue.de\/blog\/wp-json\/wp\/v2\/posts\/3333\/revisions"}],"predecessor-version":[{"id":3338,"href":"https:\/\/www.annalogue.de\/blog\/wp-json\/wp\/v2\/posts\/3333\/revisions\/3338"}],"wp:featuredmedia":[{"embeddable":true,"href":"https:\/\/www.annalogue.de\/blog\/wp-json\/wp\/v2\/media\/3339"}],"wp:attachment":[{"href":"https:\/\/www.annalogue.de\/blog\/wp-json\/wp\/v2\/media?parent=3333"}],"wp:term":[{"taxonomy":"category","embeddable":true,"href":"https:\/\/www.annalogue.de\/blog\/wp-json\/wp\/v2\/categories?post=3333"},{"taxonomy":"post_tag","embeddable":true,"href":"https:\/\/www.annalogue.de\/blog\/wp-json\/wp\/v2\/tags?post=3333"}],"curies":[{"name":"wp","href":"https:\/\/api.w.org\/{rel}","templated":true}]}}